[{"@context":"https:\/\/schema.org\/","@type":"Article","@id":"https:\/\/www.omniacs.cz\/v-breznu-2018-tomu-budou-dva-roky-kdy-zemrel-jisty-ray-tomlinson-vite-kdo-to-byl\/#Article","mainEntityOfPage":"https:\/\/www.omniacs.cz\/v-breznu-2018-tomu-budou-dva-roky-kdy-zemrel-jisty-ray-tomlinson-vite-kdo-to-byl\/","headline":"V b\u0159eznu 2018 tomu budou dva roky, kdy zem\u0159el jist\u00fd Ray Tomlinson. V\u00edte, kdo to byl?","name":"V b\u0159eznu 2018 tomu budou dva roky, kdy zem\u0159el jist\u00fd Ray Tomlinson. V\u00edte, kdo to byl?","description":"Jist\u011b, nem\u016f\u017eete si pamatovat kdejakou ud\u00e1lost, nejste p\u0159ece chod\u00edc\u00ed nau\u010dn\u00fd slovn\u00edk, p\u0159esto byste si pr\u00e1v\u011b vy, \u010dten\u00e1\u0159i, mohli toto jm\u00e9no zapamatovat. T\u00fdk\u00e1 se toti\u017e pr\u00e1v\u011b on\u00e9 \u010dinnosti, kterou v\u00a0tuto chv\u00edli zrovna provozujete. \u010ctete \u010dl\u00e1nky na Internetu, prohl\u00ed\u017e\u00edte webov\u00e9 str\u00e1nky, surfujete a tak\u00e9 ob\u010das mrknete do a-mailu, zda tam nenasko\u010dila n\u011bjak\u00e1 nov\u00e1 zpr\u00e1va. Ano, \u0159e\u010d bude...<p class=\"more-link-wrap\"><a href=\"https:\/\/www.omniacs.cz\/v-breznu-2018-tomu-budou-dva-roky-kdy-zemrel-jisty-ray-tomlinson-vite-kdo-to-byl\/\" class=\"more-link\">P\u0159e\u010d\u00edst<span class=\"screen-reader-text\"> &ldquo;V b\u0159eznu 2018 tomu budou dva roky, kdy zem\u0159el jist\u00fd Ray Tomlinson. V\u00edte, kdo to byl?&rdquo;<\/span> &raquo;<\/a><\/p>","datePublished":"2023-06-14","dateModified":"2023-06-14","author":{"@type":"Person","@id":"https:\/\/www.omniacs.cz\/author\/devene\/#Person","name":"devene","url":"https:\/\/www.omniacs.cz\/author\/devene\/","identifier":1,"image":{"@type":"ImageObject","@id":"https:\/\/secure.gravatar.com\/avatar\/a6945111a6684c356ffa2edea93eeeab9450e38d2439d8ecd0a625f734db9218?s=96&d=mm&r=g","url":"https:\/\/secure.gravatar.com\/avatar\/a6945111a6684c356ffa2edea93eeeab9450e38d2439d8ecd0a625f734db9218?s=96&d=mm&r=g","height":96,"width":96}},"publisher":{"@type":"Organization","name":"omniacs.cz","logo":{"@type":"ImageObject","@id":"\/logo.png","url":"\/logo.png","width":600,"height":60}},"image":{"@type":"ImageObject","@id":"https:\/\/www.omniacs.cz\/wp-content\/uploads\/img_a309067_w2313_t1520024839.jpg","url":"https:\/\/www.omniacs.cz\/wp-content\/uploads\/img_a309067_w2313_t1520024839.jpg","height":0,"width":0},"url":"https:\/\/www.omniacs.cz\/v-breznu-2018-tomu-budou-dva-roky-kdy-zemrel-jisty-ray-tomlinson-vite-kdo-to-byl\/","wordCount":424,"articleBody":"Jist\u011b, nem\u016f\u017eete si pamatovat kdejakou ud\u00e1lost, nejste p\u0159ece chod\u00edc\u00ed nau\u010dn\u00fd slovn\u00edk, p\u0159esto byste si pr\u00e1v\u011b vy, \u010dten\u00e1\u0159i, mohli toto jm\u00e9no zapamatovat. T\u00fdk\u00e1 se toti\u017e pr\u00e1v\u011b on\u00e9 \u010dinnosti, kterou v\u00a0tuto chv\u00edli zrovna provozujete. \u010ctete \u010dl\u00e1nky na Internetu, prohl\u00ed\u017e\u00edte webov\u00e9 str\u00e1nky, surfujete a tak\u00e9 ob\u010das mrknete do a-mailu, zda tam nenasko\u010dila n\u011bjak\u00e1 nov\u00e1 zpr\u00e1va.Ano, \u0159e\u010d bude o elektronick\u00e9 po\u0161t\u011b, neboli e-mailech. Ka\u017ed\u00fd z\u00a0n\u00e1s, kdo se kdy s\u00a0e-mailem setkal, a v\u011bzte, \u017ee je n\u00e1s ji\u017e slu\u0161n\u00fd po\u010det, k\u00a0n\u011bmu p\u0159istupuje zpravidla podle toho, jak\u00e9 zpr\u00e1vy se v\u00a0jeho schr\u00e1nce objevuj\u00ed. Pokud p\u0159evl\u00e1daj\u00ed ty dobr\u00e9, e-mail veleb\u00ed a vyzdvihuje do nebes. Jestli\u017ee je to jedna hr\u016fza za druhou a sam\u00e1 ho\u0159kost a zklam\u00e1n\u00ed, e-mail by doty\u010dn\u00fd nejrad\u011bji spl\u00e1chl do z\u00e1chodu, mo\u017en\u00e1 i s\u00a0jeho tv\u016frcem.Samotn\u00e1 elektronick\u00e1 po\u0161ta za nic nem\u016f\u017ee, je to jen n\u00e1stroj, kter\u00fd lidem usnadn\u00ed spoustu pr\u00e1ce a \u010dasu a nam\u00edsto toho jej mohou v\u011bnovat n\u011b\u010demu rozumn\u011bj\u0161\u00edmu. Je to fantastick\u00e1 technick\u00e1 vymo\u017eenost, jen kdyby m\u011bli lid\u00e9 v\u00edce v\u016fle vyu\u017e\u00edt ji pro blaho v\u0161ech, nejen pro sv\u00e9 sobeck\u00e9 c\u00edle. To se pak i docela \u201eoby\u010dejn\u00fd\u201c mail prom\u011bn\u00ed na n\u00e1stroj zlov\u016fle, \u010dasto a\u017e do krajnosti vyd\u00edr\u00e1n\u00ed, obt\u011b\u017eov\u00e1n\u00ed, klam\u00e1n\u00ed a dal\u0161\u00edch trestn\u00fdch \u010din\u016f.\tJak star\u00fd je e-mail?Na konci 60. let minul\u00e9ho stolet\u00ed se rozj\u00ed\u017ed\u011bl p\u0159edch\u016fdce dne\u0161n\u00edho Internetu ARPAnet a jednou z\u00a0ot\u00e1zek, k\u00a0\u010demu jej pou\u017e\u00edt, byla komunikace mezi u\u017eivateli po\u010d\u00edta\u010d\u016f, \u0161lo o to, jak\u00fdm zp\u016fsobem se budou textov\u00e9 zpr\u00e1vy p\u0159en\u00e1\u0161et. A pan Tomlinson byl t\u00edm \u00fapln\u011b prvn\u00edm pr\u016fkopn\u00edkem, kter\u00fd do praxe uvedl princip odes\u00edl\u00e1n\u00ed a p\u0159\u00edjem elektronick\u00e9 po\u0161ty s\u00a0t\u00edm zn\u00e1m\u00fdm paznakem, co jej n\u011bkte\u0159\u00ed ani neum\u00ed naj\u00edt na kl\u00e1vesnici. Se zavin\u00e1\u010dem.Mus\u00edte si ov\u0161em odmyslet grafick\u00e9 moduly a rozhran\u00ed dne\u0161n\u00edch provozovatel\u016f mailov\u00fdch schr\u00e1nek, tehdy neexistovaly \u00fapravy blok\u016f textu, zm\u011bna barvy p\u00edsma, mo\u017enost p\u0159ipojit p\u0159\u00edlohu ve form\u011b souboru a podobn\u00e9 vychyt\u00e1vky. Tehdy se komunikovalo v\u00fdhradn\u011b textov\u011b, a to zprvu pouze v\u00a0r\u00e1mci s\u00edt\u00ed na akademick\u00e9 p\u016fd\u011b.                                                                                                                                                                                                                                                                                                                                                                                                "},{"@context":"https:\/\/schema.org\/","@type":"BreadcrumbList","itemListElement":[{"@type":"ListItem","position":1,"name":"V b\u0159eznu 2018 tomu budou dva roky, kdy zem\u0159el jist\u00fd Ray Tomlinson. V\u00edte, kdo to byl?","item":"https:\/\/www.omniacs.cz\/v-breznu-2018-tomu-budou-dva-roky-kdy-zemrel-jisty-ray-tomlinson-vite-kdo-to-byl\/#breadcrumbitem"}]}]