{"@context":"https:\/\/schema.org\/","@type":"CollectionPage","@id":"https:\/\/www.omniacs.cz\/sluzby\/#CollectionPage","headline":"Slu\u017eby Category","description":"","url":"https:\/\/www.omniacs.cz\/sluzby\/","hasPart":[{"@type":"Article","@id":"https:\/\/www.omniacs.cz\/preprava-leciv\/","headline":"P\u0159eprava l\u00e9\u010div","url":"https:\/\/www.omniacs.cz\/preprava-leciv\/","datePublished":"2021-11-10","dateModified":"2023-06-14","mainEntityOfPage":"https:\/\/www.omniacs.cz\/preprava-leciv\/","author":{"@type":"Person","@id":"https:\/\/www.omniacs.cz\/author\/devene\/#Person","name":"devene","url":"https:\/\/www.omniacs.cz\/author\/devene\/","identifier":1,"image":{"@type":"ImageObject","@id":"https:\/\/secure.gravatar.com\/avatar\/a6945111a6684c356ffa2edea93eeeab9450e38d2439d8ecd0a625f734db9218?s=96&d=mm&r=g","url":"https:\/\/secure.gravatar.com\/avatar\/a6945111a6684c356ffa2edea93eeeab9450e38d2439d8ecd0a625f734db9218?s=96&d=mm&r=g","height":96,"width":96}},"publisher":{"@type":"Organization","name":"omniacs.cz","logo":{"@type":"ImageObject","@id":"\/logo.png","url":"\/logo.png","width":600,"height":60}},"image":{"@type":"ImageObject","@id":"https:\/\/www.omniacs.cz\/wp-content\/uploads\/p%C5%99eprava%20l%C3%A9%C4%8Div_2.jpg","url":"https:\/\/www.omniacs.cz\/wp-content\/uploads\/p%C5%99eprava%20l%C3%A9%C4%8Div_2.jpg","height":0,"width":0},"keywords":null},{"@type":"Article","@id":"https:\/\/www.omniacs.cz\/propagace-se-nesmi-podcenit\/","headline":"Propagace se nesm\u00ed podcenit","url":"https:\/\/www.omniacs.cz\/propagace-se-nesmi-podcenit\/","datePublished":"2021-05-23","dateModified":"2023-06-14","mainEntityOfPage":"https:\/\/www.omniacs.cz\/propagace-se-nesmi-podcenit\/","author":{"@type":"Person","@id":"https:\/\/www.omniacs.cz\/author\/devene\/#Person","name":"devene","url":"https:\/\/www.omniacs.cz\/author\/devene\/","identifier":1,"image":{"@type":"ImageObject","@id":"https:\/\/secure.gravatar.com\/avatar\/a6945111a6684c356ffa2edea93eeeab9450e38d2439d8ecd0a625f734db9218?s=96&d=mm&r=g","url":"https:\/\/secure.gravatar.com\/avatar\/a6945111a6684c356ffa2edea93eeeab9450e38d2439d8ecd0a625f734db9218?s=96&d=mm&r=g","height":96,"width":96}},"publisher":{"@type":"Organization","name":"omniacs.cz","logo":{"@type":"ImageObject","@id":"\/logo.png","url":"\/logo.png","width":600,"height":60}},"image":{"@type":"ImageObject","@id":"https:\/\/www.omniacs.cz\/wp-content\/uploads\/kreslen%C3%BD%20monitor_EK71Rm.png","url":"https:\/\/www.omniacs.cz\/wp-content\/uploads\/kreslen%C3%BD%20monitor_EK71Rm.png","height":0,"width":0},"keywords":null},{"@type":"Article","@id":"https:\/\/www.omniacs.cz\/ubytovani-mikulov-v-centru-vinarske-oblasti-jizni-moravy\/","headline":"Ubytov\u00e1n\u00ed Mikulov v centru vina\u0159sk\u00e9 oblasti Ji\u017en\u00ed Moravy","url":"https:\/\/www.omniacs.cz\/ubytovani-mikulov-v-centru-vinarske-oblasti-jizni-moravy\/","datePublished":"2020-10-19","dateModified":"2023-06-14","mainEntityOfPage":"https:\/\/www.omniacs.cz\/ubytovani-mikulov-v-centru-vinarske-oblasti-jizni-moravy\/","author":{"@type":"Person","@id":"https:\/\/www.omniacs.cz\/author\/devene\/#Person","name":"devene","url":"https:\/\/www.omniacs.cz\/author\/devene\/","identifier":1,"image":{"@type":"ImageObject","@id":"https:\/\/secure.gravatar.com\/avatar\/a6945111a6684c356ffa2edea93eeeab9450e38d2439d8ecd0a625f734db9218?s=96&d=mm&r=g","url":"https:\/\/secure.gravatar.com\/avatar\/a6945111a6684c356ffa2edea93eeeab9450e38d2439d8ecd0a625f734db9218?s=96&d=mm&r=g","height":96,"width":96}},"publisher":{"@type":"Organization","name":"omniacs.cz","logo":{"@type":"ImageObject","@id":"\/logo.png","url":"\/logo.png","width":600,"height":60}},"image":{"@type":"ImageObject","@id":"https:\/\/www.omniacs.cz\/wp-content\/uploads\/vinn%C3%A1%20r%C3%A9va_4.jpg","url":"https:\/\/www.omniacs.cz\/wp-content\/uploads\/vinn%C3%A1%20r%C3%A9va_4.jpg","height":0,"width":0},"keywords":null},{"@type":"Article","@id":"https:\/\/www.omniacs.cz\/nedostatek-energie-dejte-si-datle\/","headline":"Nedostatek energie? Dejte si datle!","url":"https:\/\/www.omniacs.cz\/nedostatek-energie-dejte-si-datle\/","datePublished":"2019-11-06","dateModified":"2023-06-14","mainEntityOfPage":"https:\/\/www.omniacs.cz\/nedostatek-energie-dejte-si-datle\/","author":{"@type":"Person","@id":"https:\/\/www.omniacs.cz\/author\/devene\/#Person","name":"devene","url":"https:\/\/www.omniacs.cz\/author\/devene\/","identifier":1,"image":{"@type":"ImageObject","@id":"https:\/\/secure.gravatar.com\/avatar\/a6945111a6684c356ffa2edea93eeeab9450e38d2439d8ecd0a625f734db9218?s=96&d=mm&r=g","url":"https:\/\/secure.gravatar.com\/avatar\/a6945111a6684c356ffa2edea93eeeab9450e38d2439d8ecd0a625f734db9218?s=96&d=mm&r=g","height":96,"width":96}},"publisher":{"@type":"Organization","name":"omniacs.cz","logo":{"@type":"ImageObject","@id":"\/logo.png","url":"\/logo.png","width":600,"height":60}},"image":{"@type":"ImageObject","@id":"https:\/\/www.omniacs.cz\/wp-content\/uploads\/img_a377321_w4341_t1589182120.jpg","url":"https:\/\/www.omniacs.cz\/wp-content\/uploads\/img_a377321_w4341_t1589182120.jpg","height":0,"width":0},"keywords":null},{"@type":"Article","@id":"https:\/\/www.omniacs.cz\/radeji-s-profesionaly\/","headline":"Rad\u011bji s profesion\u00e1ly","url":"https:\/\/www.omniacs.cz\/radeji-s-profesionaly\/","datePublished":"2019-10-27","dateModified":"2023-08-17","mainEntityOfPage":"https:\/\/www.omniacs.cz\/radeji-s-profesionaly\/","author":{"@type":"Person","@id":"https:\/\/www.omniacs.cz\/author\/devene\/#Person","name":"devene","url":"https:\/\/www.omniacs.cz\/author\/devene\/","identifier":1,"image":{"@type":"ImageObject","@id":"https:\/\/secure.gravatar.com\/avatar\/a6945111a6684c356ffa2edea93eeeab9450e38d2439d8ecd0a625f734db9218?s=96&d=mm&r=g","url":"https:\/\/secure.gravatar.com\/avatar\/a6945111a6684c356ffa2edea93eeeab9450e38d2439d8ecd0a625f734db9218?s=96&d=mm&r=g","height":96,"width":96}},"publisher":{"@type":"Organization","name":"omniacs.cz","logo":{"@type":"ImageObject","@id":"\/logo.png","url":"\/logo.png","width":600,"height":60}},"image":{"@type":"ImageObject","@id":"https:\/\/www.omniacs.cz\/wp-content\/uploads\/img_a366202_w1758_t1578909332.jpg","url":"https:\/\/www.omniacs.cz\/wp-content\/uploads\/img_a366202_w1758_t1578909332.jpg","height":0,"width":0},"keywords":null},{"@type":"Article","@id":"https:\/\/www.omniacs.cz\/cisteni-kobercu-praha-patri-k-beznym-sluzbam-v-domacnostech-i-na-pracovistich\/","headline":"\u010ci\u0161t\u011bn\u00ed koberc\u016f Praha pat\u0159\u00ed k b\u011b\u017en\u00fdm slu\u017eb\u00e1m v dom\u00e1cnostech i na pracovi\u0161t\u00edch","url":"https:\/\/www.omniacs.cz\/cisteni-kobercu-praha-patri-k-beznym-sluzbam-v-domacnostech-i-na-pracovistich\/","datePublished":"2019-09-23","dateModified":"2023-06-14","mainEntityOfPage":"https:\/\/www.omniacs.cz\/cisteni-kobercu-praha-patri-k-beznym-sluzbam-v-domacnostech-i-na-pracovistich\/","author":{"@type":"Person","@id":"https:\/\/www.omniacs.cz\/author\/devene\/#Person","name":"devene","url":"https:\/\/www.omniacs.cz\/author\/devene\/","identifier":1,"image":{"@type":"ImageObject","@id":"https:\/\/secure.gravatar.com\/avatar\/a6945111a6684c356ffa2edea93eeeab9450e38d2439d8ecd0a625f734db9218?s=96&d=mm&r=g","url":"https:\/\/secure.gravatar.com\/avatar\/a6945111a6684c356ffa2edea93eeeab9450e38d2439d8ecd0a625f734db9218?s=96&d=mm&r=g","height":96,"width":96}},"publisher":{"@type":"Organization","name":"omniacs.cz","logo":{"@type":"ImageObject","@id":"\/logo.png","url":"\/logo.png","width":600,"height":60}},"image":{"@type":"ImageObject","@id":"https:\/\/www.omniacs.cz\/wp-content\/uploads\/img_a367448_w1751_t1579866538.jpg","url":"https:\/\/www.omniacs.cz\/wp-content\/uploads\/img_a367448_w1751_t1579866538.jpg","height":0,"width":0},"keywords":null}]}