[{"@context":"https:\/\/schema.org\/","@type":"Article","@id":"https:\/\/www.omniacs.cz\/radeji-s-profesionaly\/#Article","mainEntityOfPage":"https:\/\/www.omniacs.cz\/radeji-s-profesionaly\/","headline":"Rad\u011bji s profesion\u00e1ly","name":"Rad\u011bji s profesion\u00e1ly","description":"Drah\u00e1 rekonstrukce, drah\u00fd n\u00e1bytek, drah\u00e9 bytov\u00e9 vybaven\u00ed a ve fin\u00e1le nejste spokojeni? Po\u0159\u00e1d V\u00e1m n\u011bco nesed\u00ed, m\u00e1te pocit, \u017ee ten, \u010di onen n\u00e1bytkov\u00fd kousek se sem nehod\u00ed a kuchyn\u011b funk\u010dn\u011b neodpov\u00edd\u00e1 p\u0159edstav\u00e1m. Kde se stala chyba, pro\u010d se ve fin\u00e1le nedostavil k\u00fd\u017een\u00fd efekt? Bohu\u017eel, kdy\u017e dva d\u011blaj\u00ed tot\u00e9\u017e, nemus\u00ed to b\u00fdt v\u017edy tot\u00e9\u017e. A u...<p class=\"more-link-wrap\"><a href=\"https:\/\/www.omniacs.cz\/radeji-s-profesionaly\/\" class=\"more-link\">P\u0159e\u010d\u00edst<span class=\"screen-reader-text\"> &ldquo;Rad\u011bji s profesion\u00e1ly&rdquo;<\/span> &raquo;<\/a><\/p>","datePublished":"2019-10-27","dateModified":"2023-08-17","author":{"@type":"Person","@id":"https:\/\/www.omniacs.cz\/author\/devene\/#Person","name":"devene","url":"https:\/\/www.omniacs.cz\/author\/devene\/","identifier":1,"image":{"@type":"ImageObject","@id":"https:\/\/secure.gravatar.com\/avatar\/a6945111a6684c356ffa2edea93eeeab9450e38d2439d8ecd0a625f734db9218?s=96&d=mm&r=g","url":"https:\/\/secure.gravatar.com\/avatar\/a6945111a6684c356ffa2edea93eeeab9450e38d2439d8ecd0a625f734db9218?s=96&d=mm&r=g","height":96,"width":96}},"publisher":{"@type":"Organization","name":"omniacs.cz","logo":{"@type":"ImageObject","@id":"\/logo.png","url":"\/logo.png","width":600,"height":60}},"image":{"@type":"ImageObject","@id":"https:\/\/www.omniacs.cz\/wp-content\/uploads\/img_a366202_w1758_t1578909332.jpg","url":"https:\/\/www.omniacs.cz\/wp-content\/uploads\/img_a366202_w1758_t1578909332.jpg","height":0,"width":0},"url":"https:\/\/www.omniacs.cz\/radeji-s-profesionaly\/","about":["Slu\u017eby"],"wordCount":425,"articleBody":"         Drah\u00e1 rekonstrukce, drah\u00fd n\u00e1bytek, drah\u00e9 bytov\u00e9 vybaven\u00ed a ve fin\u00e1le nejste spokojeni? Po\u0159\u00e1d V\u00e1m n\u011bco nesed\u00ed, m\u00e1te pocit, \u017ee ten, \u010di onen n\u00e1bytkov\u00fd kousek se sem nehod\u00ed a kuchyn\u011b funk\u010dn\u011b neodpov\u00edd\u00e1 p\u0159edstav\u00e1m. Kde se stala chyba, pro\u010d se ve fin\u00e1le nedostavil k\u00fd\u017een\u00fd efekt? Bohu\u017eel, kdy\u017e dva d\u011blaj\u00ed tot\u00e9\u017e, nemus\u00ed to b\u00fdt v\u017edy tot\u00e9\u017e. A u bytov\u00e9ho designu, to m\u016f\u017ee platit dvojn\u00e1sob! \u010casto ani n\u00e1\u0161 dob\u0159e m\u00edn\u011bn\u00fd z\u00e1m\u011br, nemus\u00ed na konci slavit \u00fasp\u011bch. Kdy\u017e chcete m\u00edt jistotu, \u017ee v\u0161e bude nejen pohledov\u011b na jedni\u010dku, ale i s plnou funk\u010dnost\u00ed a vyu\u017eit\u00edm ka\u017ed\u00e9ho \u010dtvere\u010dn\u00edho metru, obra\u0165te se na zku\u0161en\u00e9 profesion\u00e1ly.Interi\u00e9rov\u00e9 studio v Praze V\u00e1m zajist\u00ed v oblasti bytov\u00e9ho designu a pohodl\u00ed v\u0161e, po \u010dem jste kdy tou\u017eili! Samoz\u0159ejm\u011b v\u0161echno za\u010d\u00edn\u00e1 u projektov\u00e9 dokumentace. Bez po\u0159\u00e1dn\u00e9ho, spr\u00e1vn\u00e9ho a do posledn\u00edho detailu propracovan\u00e9ho projektu, nem\u016f\u017ee nic klapnout. Z\u00e1kazn\u00edk n\u00e1m \u0159ekne svoji vizi a my ji zrealizujeme a\u017e do podoby 3D vizualizace. M\u00e1te tak mo\u017enost vid\u011bt zcela re\u00e1ln\u011b na po\u010d\u00edta\u010di, jak bude interi\u00e9r vypadat po dokon\u010den\u00ed. A tady je to m\u00edsto, ten \u010das, kdy je\u0161t\u011b m\u016f\u017eete opravovat, p\u0159ed\u011bl\u00e1vat a dopl\u0148ovat. Tady je prostor pro klienta na sezn\u00e1men\u00ed s jeho n\u00e1padem. Mnohdy toti\u017e spole\u010dn\u011b najdeme vhodn\u011bj\u0161\u00ed a l\u00edbiv\u011bj\u0161\u00ed alternativu, mnohdy ho p\u0159esv\u011bd\u010d\u00edme, \u017ee pracovnu je pot\u0159eba uspo\u0159\u00e1dat, ne tak, jak cht\u011bl, ale tak, aby se mu v n\u00ed pohodln\u011b pracovalo. A pokud V\u00e1s zaj\u00edm\u00e1 cena kone\u010dn\u00e9ho d\u00edla? Jako bonus ka\u017ed\u00e9mu zpracujeme cenovou nab\u00eddku, tak\u017ee ji\u017e p\u0159ed zapo\u010det\u00edm samotn\u00fdch prac\u00ed, m\u016f\u017eete b\u00fdt v obraze, kolik ve fin\u00e1le zaplat\u00edte! A co se t\u00fdk\u00e1 samotn\u00e9 realizace? Samoz\u0159ejm\u011b, zaji\u0161\u0165ujeme nejen kompletn\u00ed poradenstv\u00ed, ale vezmeme si na starost i zhotoven\u00ed cel\u00e9 zak\u00e1zky na kl\u00ed\u010d! Vy jako z\u00e1kazn\u00edk se nemus\u00edte o nic starat, nen\u00ed pot\u0159eba stresovat se s \u00fa\u0159ady, stavebn\u00edmi d\u011bln\u00edky a dodavatelsk\u00fdmi firmami. Sv\u011b\u0159te tuto pr\u00e1ci profesion\u00e1l\u016fm a u\u017e\u00edvejte si pouze kone\u010dn\u00fd  http:\/\/sport.idnes.cz\/david-konecny-volejbal-konec-v-tours-dvn-\/volejbal.aspx%3Fc%3DA170418_132439_volejbal_ald dokonal\u00fd v\u00fdsledek!                                                                                                                                                                                                                                                                                                                                                                                                  "},{"@context":"https:\/\/schema.org\/","@type":"BreadcrumbList","itemListElement":[{"@type":"ListItem","position":1,"name":"Rad\u011bji s profesion\u00e1ly","item":"https:\/\/www.omniacs.cz\/radeji-s-profesionaly\/#breadcrumbitem"}]}]