[{"@context":"https:\/\/schema.org\/","@type":"Article","@id":"https:\/\/www.omniacs.cz\/prevoz-v-kontejnerech\/#Article","mainEntityOfPage":"https:\/\/www.omniacs.cz\/prevoz-v-kontejnerech\/","headline":"P\u0159evoz v kontejnerech","name":"P\u0159evoz v kontejnerech","description":"Vzpom\u00edn\u00e1m si, jak m\u016fj otec jednou hledal r\u016fzn\u00e9 prostory a tak\u00e9 materi\u00e1ly, kter\u00e9 by mu vyhovovaly jeho podnik\u00e1n\u00ed. Proto\u017ee m\u016fj otec cht\u011bl podnikat s n\u00e1\u0159ad\u00edm, dokonce si u\u017e ud\u011blal \u017eivnostensk\u00fd list. J\u00e1 jsem byla na sv\u00e9ho otce opravdu moc py\u0161n\u00e1. Proto\u017ee m\u016fj otec si pro\u0161el opravdu takovou hroznou f\u00e1z\u00ed \u017eivota, \u017ee jsem ho opravdu moc...<p class=\"more-link-wrap\"><a href=\"https:\/\/www.omniacs.cz\/prevoz-v-kontejnerech\/\" class=\"more-link\">P\u0159e\u010d\u00edst<span class=\"screen-reader-text\"> &ldquo;P\u0159evoz v kontejnerech&rdquo;<\/span> &raquo;<\/a><\/p>","datePublished":"2023-02-24","dateModified":"2023-02-24","author":{"@type":"Person","@id":"https:\/\/www.omniacs.cz\/author\/devene\/#Person","name":"devene","url":"https:\/\/www.omniacs.cz\/author\/devene\/","identifier":1,"image":{"@type":"ImageObject","@id":"https:\/\/secure.gravatar.com\/avatar\/a6945111a6684c356ffa2edea93eeeab9450e38d2439d8ecd0a625f734db9218?s=96&d=mm&r=g","url":"https:\/\/secure.gravatar.com\/avatar\/a6945111a6684c356ffa2edea93eeeab9450e38d2439d8ecd0a625f734db9218?s=96&d=mm&r=g","height":96,"width":96}},"publisher":{"@type":"Organization","name":"omniacs.cz","logo":{"@type":"ImageObject","@id":"\/logo.png","url":"\/logo.png","width":600,"height":60}},"image":{"@type":"ImageObject","@id":"https:\/\/www.omniacs.cz\/wp-content\/uploads\/ship-6794508_960_720_3.jpg","url":"https:\/\/www.omniacs.cz\/wp-content\/uploads\/ship-6794508_960_720_3.jpg","height":0,"width":0},"url":"https:\/\/www.omniacs.cz\/prevoz-v-kontejnerech\/","about":["Nakupov\u00e1n\u00ed"],"wordCount":394,"articleBody":"      Vzpom\u00edn\u00e1m si, jak m\u016fj otec jednou hledal r\u016fzn\u00e9 prostory a tak\u00e9 materi\u00e1ly, kter\u00e9 by mu vyhovovaly jeho podnik\u00e1n\u00ed. Proto\u017ee m\u016fj otec cht\u011bl podnikat s n\u00e1\u0159ad\u00edm, dokonce si u\u017e ud\u011blal \u017eivnostensk\u00fd list. J\u00e1 jsem byla na sv\u00e9ho otce opravdu moc py\u0161n\u00e1. Proto\u017ee m\u016fj otec si pro\u0161el opravdu takovou hroznou f\u00e1z\u00ed \u017eivota, \u017ee jsem ho opravdu moc litovala. Proto\u017ee m\u016fj otec kdysi cht\u011bl zalo\u017eit jednu firmu, se kterou cht\u011bl m\u00edt \u00fasp\u011bch. Bohu\u017eel, ale nalet\u011bl jednomu mu\u017ei, kter\u00fd se vyd\u00e1val za jeho kamar\u00e1da. Samoz\u0159ejm\u011b to dopadlo potom tak, \u017ee m\u016fj otec zkrachoval, a je\u0161t\u011b se zadlu\u017eil na \u010dty\u0159i sta pades\u00e1t tis\u00edc korun. Mo\u017en\u00e1 se v\u00e1m to zd\u00e1 m\u00e1lo, proto\u017ee mnoho lid\u00ed je zadlu\u017een\u00fdch asi na miliony, ale otce to velice vzalo, proto\u017ee otec je velice poctiv\u00fd a chytr\u00fd \u010dlov\u011bk. Nakonec to dopadlo tak, \u017ee otec sice podnikal s materi\u00e1lem a s n\u00e1\u0159ad\u00edm, ale pot\u0159eboval tak\u00e9 kvalitn\u00ed IBC kontejnery. A pokud nezn\u00e1te v\u016fbec \u017e\u00e1dn\u00e9 kvalitn\u00ed IBC kontejner, tak se pod\u00edvejte na webov\u00e9 str\u00e1nky &#8212;, kde se dozv\u00edte opravdu mnoho informac\u00ed o tom, jak se vyr\u00e1b\u00ed nap\u0159\u00edklad IBC kontejnery anebo jak\u00e9 maj\u00ed vlastnosti a velikosti. Pokud byste cht\u011bli m\u00edt IBC kontejner na va\u0161e podnik\u00e1n\u00ed, kdy byste t\u0159eba cht\u011bli m\u00edt n\u00e1\u0159ad\u00ed, stejn\u011b jako m\u016fj otec, tak nev\u00e1hejte. Tato firma v\u00e1m opravdu poskytne kvalitn\u00ed IBC kontejner, se kter\u00fdmi budete jist\u011b spokojeni. M\u016f\u017eete si tak\u00e9 vybrat z jak\u00e9koliv velikosti, kter\u00fd p\u0159esn\u011b by v\u00e1m vyhovoval a kter\u00e9 by pasovaly na va\u0161e zbo\u017e\u00ed. J\u00e1 si tak\u00e9 je\u0161t\u011b \u017eiv\u011b pamatuji, jak jednou m\u016fj otec m\u011b vzal s sebou do pr\u00e1ce, kdy\u017e jsem je\u0161t\u011b byla mal\u00e1 holka. Otec mi tehdy \u0159ekl, a\u0165 mu pom\u016f\u017eu s v\u00fdv\u011brem jeho prvn\u00edho IBC kontejneru. Byla jsme v\u00e1\u017en\u011b p\u0159ekvapen\u00e1, \u017ee mi otec sv\u011b\u0159il tak d\u016fle\u017eitou pr\u00e1ci. Nakonec tedy otec nakonec kupovat p\u011bt IBC kontejner\u016f, aby m\u011bl mnoho \u00falo\u017en\u00e9ho prostoru a aby mohl n\u011bjak sv\u00e9 zbo\u017e\u00ed skladovat a p\u0159ev\u00e1\u017eet.                                                                                                                                                                                                                                                                                                                                                                                                   "},{"@context":"https:\/\/schema.org\/","@type":"BreadcrumbList","itemListElement":[{"@type":"ListItem","position":1,"name":"P\u0159evoz v kontejnerech","item":"https:\/\/www.omniacs.cz\/prevoz-v-kontejnerech\/#breadcrumbitem"}]}]