[{"@context":"https:\/\/schema.org\/","@type":"Article","@id":"https:\/\/www.omniacs.cz\/mejte-i-vy-pronajaty-sklad\/#Article","mainEntityOfPage":"https:\/\/www.omniacs.cz\/mejte-i-vy-pronajaty-sklad\/","headline":"M\u011bjte i vy pronajat\u00fd sklad","name":"M\u011bjte i vy pronajat\u00fd sklad","description":"Jsou lid\u00e9, kter\u00fdm by ud\u011blalo velkou radost, pokud by m\u011bli sv\u016fj vlastn\u00ed sklad a to nap\u0159\u00edklad z toho d\u016fvodu, \u017ee jejich d\u016fm nem\u00e1 gar\u00e1\u017e nebo bytov\u00fd d\u016fm, ve kter\u00e9m bydl\u00ed a jsou nap\u0159\u00edklad v podn\u00e1jmu, nenab\u00edz\u00ed mo\u017enost vyu\u017eit\u00ed gar\u00e1\u017ee, jeliko\u017e danou gar\u00e1\u017e vyu\u017e\u00edv\u00e1 majitel bytu. Pr\u00e1v\u011b pro takov\u00e9 situace existuje mo\u017enost pron\u00e1jmu skladu. Tento trend...<p class=\"more-link-wrap\"><a href=\"https:\/\/www.omniacs.cz\/mejte-i-vy-pronajaty-sklad\/\" class=\"more-link\">P\u0159e\u010d\u00edst<span class=\"screen-reader-text\"> &ldquo;M\u011bjte i vy pronajat\u00fd sklad&rdquo;<\/span> &raquo;<\/a><\/p>","datePublished":"2022-09-18","dateModified":"2022-09-18","author":{"@type":"Person","@id":"https:\/\/www.omniacs.cz\/author\/devene\/#Person","name":"devene","url":"https:\/\/www.omniacs.cz\/author\/devene\/","identifier":1,"image":{"@type":"ImageObject","@id":"https:\/\/secure.gravatar.com\/avatar\/a6945111a6684c356ffa2edea93eeeab9450e38d2439d8ecd0a625f734db9218?s=96&d=mm&r=g","url":"https:\/\/secure.gravatar.com\/avatar\/a6945111a6684c356ffa2edea93eeeab9450e38d2439d8ecd0a625f734db9218?s=96&d=mm&r=g","height":96,"width":96}},"publisher":{"@type":"Organization","name":"omniacs.cz","logo":{"@type":"ImageObject","@id":"\/logo.png","url":"\/logo.png","width":600,"height":60}},"image":{"@type":"ImageObject","@id":"https:\/\/www.omniacs.cz\/wp-content\/uploads\/sklad_5.JPG","url":"https:\/\/www.omniacs.cz\/wp-content\/uploads\/sklad_5.JPG","height":0,"width":0},"url":"https:\/\/www.omniacs.cz\/mejte-i-vy-pronajaty-sklad\/","about":["Nakupov\u00e1n\u00ed"],"wordCount":453,"articleBody":"   Jsou lid\u00e9, kter\u00fdm by ud\u011blalo velkou radost, pokud by m\u011bli sv\u016fj vlastn\u00ed sklad a to nap\u0159\u00edklad z toho d\u016fvodu, \u017ee jejich d\u016fm nem\u00e1 gar\u00e1\u017e nebo bytov\u00fd d\u016fm, ve kter\u00e9m bydl\u00ed a jsou nap\u0159\u00edklad v podn\u00e1jmu, nenab\u00edz\u00ed mo\u017enost vyu\u017eit\u00ed gar\u00e1\u017ee, jeliko\u017e danou gar\u00e1\u017e vyu\u017e\u00edv\u00e1 majitel bytu. Pr\u00e1v\u011b pro takov\u00e9 situace existuje mo\u017enost pron\u00e1jmu skladu. Tento trend se rozv\u00edj\u00ed \u010d\u00edm d\u00e1l v\u00edce a je to pr\u00e1v\u011b kv\u016fli tomu, aby si mohli lid\u00e9 sv\u00e9 v\u011bci n\u011bkam uskladnit. Pron\u00e1jem skladu se dnes nab\u00edz\u00ed nap\u0159\u00edklad v Praze, tak\u017ee pokud by v\u00e1s zaj\u00edmalo, kde p\u0159esn\u011b, m\u016f\u017eete si p\u0159es internetov\u00e9 str\u00e1nky v\u0161e zjistit.Pron\u00e1jem skladu Praha je n\u011bco, \u010deho by m\u011bl vyu\u017e\u00edt ka\u017ed\u00fd, kdo bydl\u00ed v Praze a dote\u010f nem\u011bl mo\u017enost skladu. Je spousta lid\u00ed, kte\u0159\u00ed v\u011bci, kter\u00e9 pat\u0159\u00ed do skladu, skladuj\u00ed ve sv\u00e9 dom\u00e1cnosti a to nap\u0159\u00edklad na chodb\u011b. Pokud se jedn\u00e1 o v\u011bci jako barvy, benz\u00edn apod., ur\u010dit\u011b nen\u00ed vhodn\u00e9 n\u011bco takov\u00e9ho pr\u00e1v\u011b v dom\u00e1cnosti skladovat, ale n\u011bkdy bohu\u017eel nen\u00ed jin\u00e1 mo\u017enost a to pr\u00e1v\u011b, pokud \u010dlov\u011bk nem\u016f\u017ee vyu\u017e\u00edt gar\u00e1\u017e nebo sklep. Lid\u00e9 mnohdy je\u0161t\u011b d\u011blaj\u00ed to, \u017ee dan\u00e9 v\u011bci um\u00edst\u00ed alespo\u0148 do technick\u00e9 m\u00edstnosti, ale pokud je i takov\u00e1 technick\u00e1 m\u00edstnost mal\u00fdch rozm\u011br\u016f, \u010dlov\u011bk zde um\u00edst\u00ed jen p\u00e1r v\u011bc\u00ed. Jsou tak\u00e9 v\u011bci, kter\u00e9 nen\u00ed p\u0159\u00edli\u0161 dobr\u00e9 do technick\u00e9 m\u00edstnosti umis\u0165ovat a to z hlediska bezpe\u010dnosti.Nejlep\u0161\u00edm \u0159e\u0161en\u00edm je mnohdy pronajmut\u00ed gar\u00e1\u017ee nebo skladu n\u011bkde, kde to nem\u00e1te daleko a kde hlavn\u011b bez obav m\u016f\u017eete va\u0161e v\u011bci m\u00edt. Pokud nejste z Prahy, ur\u010dit\u011b tuto mo\u017enost za\u010dali poskytovat i jin\u00ed, tak\u017ee byste se ur\u010dit\u011b m\u011bli po internetu pod\u00edvat, zda se n\u011bco takov\u00e9ho nenab\u00edz\u00ed n\u011bkde ve va\u0161em okol\u00ed, proto\u017ee by se to mohlo hodit. V\u011b\u0159\u00edme, \u017ee ka\u017ed\u00fd m\u016f\u017ee m\u00edt sklad a to t\u0159eba i v pron\u00e1jmu, kde se mu hlavn\u011b vlezou v\u0161echny v\u011bci. Ur\u010dit\u011b je vhodn\u00e9 se na takov\u00fd sklad zaj\u00edt prve pod\u00edvat, abyste vid\u011bli, co \u010dekat a abyste se zamysleli nad t\u00edm, zda se zde v\u0161echny va\u0161e v\u011bci bez probl\u00e9m\u016f vejdou. Jsou lid\u00e9, kte\u0159\u00ed maj\u00ed v\u011bc\u00ed mnoho a kte\u0159\u00ed by m\u011bli hledat rad\u011bji v\u011bt\u0161\u00ed ne\u017e men\u0161\u00ed sklad.                                                                                                                                                                                                                                                                                                                                                                                                  "},{"@context":"https:\/\/schema.org\/","@type":"BreadcrumbList","itemListElement":[{"@type":"ListItem","position":1,"name":"M\u011bjte i vy pronajat\u00fd sklad","item":"https:\/\/www.omniacs.cz\/mejte-i-vy-pronajaty-sklad\/#breadcrumbitem"}]}]