[{"@context":"https:\/\/schema.org\/","@type":"Article","@id":"https:\/\/www.omniacs.cz\/krasne-opalena-kuze-i-bez-slunicka\/#Article","mainEntityOfPage":"https:\/\/www.omniacs.cz\/krasne-opalena-kuze-i-bez-slunicka\/","headline":"Kr\u00e1sn\u011b op\u00e1len\u00e1 k\u016f\u017ee i bez slun\u00ed\u010dka","name":"Kr\u00e1sn\u011b op\u00e1len\u00e1 k\u016f\u017ee i bez slun\u00ed\u010dka","description":"L\u00e9to je obdob\u00edm vodn\u00edch radov\u00e1nek, vlas\u016f s polibkem slunce a hlavn\u011b kr\u00e1sn\u011b op\u00e1len\u00e9 poko\u017eky, kterou v\u0161ude d\u00e1v\u00e1me na odiv. Jen\u017ee op\u00e1len\u00ed jen m\u00e1lokomu vydr\u017e\u00ed d\u00e9le, ne\u017e do prvn\u00edho spadl\u00e9ho listu a tak se bu\u010f mus\u00edme spokojit s realitou, \u017ee po zbytek roku budeme b\u00edl\u00ed jako st\u011bny nebo s\u00e1hneme po modern\u00edch technologi\u00edch. Sol\u00e1rium brno Naomibrno n\u00e1m...<p class=\"more-link-wrap\"><a href=\"https:\/\/www.omniacs.cz\/krasne-opalena-kuze-i-bez-slunicka\/\" class=\"more-link\">P\u0159e\u010d\u00edst<span class=\"screen-reader-text\"> &ldquo;Kr\u00e1sn\u011b op\u00e1len\u00e1 k\u016f\u017ee i bez slun\u00ed\u010dka&rdquo;<\/span> &raquo;<\/a><\/p>","datePublished":"2021-04-17","dateModified":"2024-01-08","author":{"@type":"Person","@id":"https:\/\/www.omniacs.cz\/author\/devene\/#Person","name":"devene","url":"https:\/\/www.omniacs.cz\/author\/devene\/","identifier":1,"image":{"@type":"ImageObject","@id":"https:\/\/secure.gravatar.com\/avatar\/a6945111a6684c356ffa2edea93eeeab9450e38d2439d8ecd0a625f734db9218?s=96&d=mm&r=g","url":"https:\/\/secure.gravatar.com\/avatar\/a6945111a6684c356ffa2edea93eeeab9450e38d2439d8ecd0a625f734db9218?s=96&d=mm&r=g","height":96,"width":96}},"publisher":{"@type":"Organization","name":"omniacs.cz","logo":{"@type":"ImageObject","@id":"\/logo.png","url":"\/logo.png","width":600,"height":60}},"image":{"@type":"ImageObject","@id":"https:\/\/www.omniacs.cz\/wp-content\/uploads\/op%C3%A1len%C3%A1%20poko%C5%BEka.jpg","url":"https:\/\/www.omniacs.cz\/wp-content\/uploads\/op%C3%A1len%C3%A1%20poko%C5%BEka.jpg","height":0,"width":0},"url":"https:\/\/www.omniacs.cz\/krasne-opalena-kuze-i-bez-slunicka\/","about":["Nakupov\u00e1n\u00ed"],"wordCount":401,"articleBody":"      L\u00e9to je obdob\u00edm vodn\u00edch radov\u00e1nek, vlas\u016f s polibkem slunce a hlavn\u011b kr\u00e1sn\u011b op\u00e1len\u00e9 poko\u017eky, kterou v\u0161ude d\u00e1v\u00e1me na odiv. Jen\u017ee op\u00e1len\u00ed jen m\u00e1lokomu vydr\u017e\u00ed d\u00e9le, ne\u017e do prvn\u00edho spadl\u00e9ho listu a tak se bu\u010f mus\u00edme spokojit s realitou, \u017ee po zbytek roku budeme b\u00edl\u00ed jako st\u011bny nebo s\u00e1hneme po modern\u00edch technologi\u00edch. Sol\u00e1rium brno Naomibrno n\u00e1m m\u016f\u017ee zaru\u010dit n\u00e1dhern\u011b op\u00e1lenou poko\u017eku po cel\u00fd rok a my se j\u00ed tak budeme moci py\u0161nit i v obdob\u00ed, kdy rtu\u0165 teplom\u011bru kles\u00e1 hluboko pod bod mrazu. Sol\u00e1ria jsou bezesporu velmi obl\u00edben\u00fd zp\u016fsob op\u00e1len\u00ed. Jedn\u00e1 se o rychl\u00fd a bezbolestn\u00fd zp\u016fsob, jak svou ple\u0165 obl\u00e9ci do tmav\u0161\u00edho a vzhledn\u011bj\u0161\u00edho h\u00e1bitu, kter\u00fd se bude zintenziv\u0148ovat s ka\u017edou n\u00e1v\u0161t\u011bvou. M\u011bjte v\u0161ak na pam\u011bti, \u017ee z\u00e1\u0159en\u00ed ze sol\u00e1ri\u00ed je stejn\u011b \u0161kodliv\u00e9 jako to ze slun\u00ed\u010dka. Je proto zapot\u0159eb\u00ed poko\u017eku chr\u00e1nit v podob\u011b vhodn\u011b zvolen\u00e9ho ochrann\u00e9ho p\u0159\u00edpravku a nep\u0159ekra\u010dovat doporu\u010denou dobu z\u00e1\u0159en\u00ed. Pokud se nech\u00e1me v\u00e9st zku\u0161en\u00fdm a vy\u0161kolen\u00fdm person\u00e1lem, brzy se budeme moci t\u011b\u0161it z kr\u00e1sn\u011b op\u00e1len\u00e9 poko\u017eky. Na p\u0159\u00edpravky s ochrann\u00fdm faktorem nezapom\u00ednejte ani v p\u0159\u00edpad\u011b, kdy budete tr\u00e1vit ur\u010ditou dobu na p\u0159\u00edm\u00e9m slunci. Slune\u010dn\u00ed z\u00e1\u0159en\u00ed toti\u017e zp\u016fsobuje rychlej\u0161\u00ed st\u00e1rnut\u00ed poko\u017eky, rychlej\u0161\u00ed vznik vr\u00e1sek a pigmentov\u00fdch skvrn. Dal\u0161\u00ed metodou, jak z\u016fstat op\u00e1len\u00ed i p\u0159es zimu, jsou samoopalovac\u00ed kr\u00e9my. Nebojte se, ty tam jsou doby, kdy samoopalovac\u00ed kr\u00e9my siln\u011b zap\u00e1chaly a m\u011bly za n\u00e1sledek nezdrav\u011b vypadaj\u00edc\u00ed op\u00e1len\u00ed s n\u00e1dechem do oran\u017eova. Na\u0161t\u011bst\u00ed se technologie zna\u010dn\u011b posunula a my tak m\u016f\u017eeme pou\u017e\u00edvat samoopalovac\u00ed produkty, kter\u00e9 vytv\u00e1\u0159\u00ed jemn\u00e9 a p\u0159irozen\u00e9 op\u00e1len\u00ed bez necht\u011bn\u00fdch skvrn a flek\u016f. Op\u00e1len\u00ed budete hned po prvn\u00ed aplikaci, sta\u010d\u00ed po\u010dkat n\u011bkolik hodin a v\u00fdraznou barvu sm\u00fdt. Na poko\u017ece zbyde jen p\u0159irozen\u00e9 op\u00e1len\u00ed, kter\u00e9 se postupn\u011b vym\u00fdv\u00e1. S ka\u017edou dal\u0161\u00ed aplikac\u00ed se intenzita op\u00e1len\u00ed je\u0161t\u011b zvy\u0161uje.                                                                                                                                                                                                                                                                                                                                                                                                   "},{"@context":"https:\/\/schema.org\/","@type":"BreadcrumbList","itemListElement":[{"@type":"ListItem","position":1,"name":"Kr\u00e1sn\u011b op\u00e1len\u00e1 k\u016f\u017ee i bez slun\u00ed\u010dka","item":"https:\/\/www.omniacs.cz\/krasne-opalena-kuze-i-bez-slunicka\/#breadcrumbitem"}]}]