[{"@context":"https:\/\/schema.org\/","@type":"Article","@id":"https:\/\/www.omniacs.cz\/dovolena-2017\/#Article","mainEntityOfPage":"https:\/\/www.omniacs.cz\/dovolena-2017\/","headline":"Dovolen\u00e1 2017","name":"Dovolen\u00e1 2017","description":"Pokud V\u00e1m v tuto chv\u00edli p\u0159ijde brzy, zab\u00fdvat se letn\u00ed dovolenou na rok 2017, mohu V\u00e1s ujistit, \u017ee to opravdu brzy nen\u00ed. V\u011bt\u0161ina cestovn\u00edch kancel\u00e1\u0159\u00ed a cestovn\u00edch agentur ji\u017e v tuto chv\u00edli startuje p\u0159edprodej z\u00e1jezd\u016f pr\u00e1v\u011b na p\u0159\u00ed\u0161t\u00ed l\u00e9to. M\u00e1te pocit, \u017ee teprve p\u0159ed p\u00e1r dny l\u00e9to skon\u010dilo? To my tak\u00e9, ale jen si p\u0159edstavte,...<p class=\"more-link-wrap\"><a href=\"https:\/\/www.omniacs.cz\/dovolena-2017\/\" class=\"more-link\">P\u0159e\u010d\u00edst<span class=\"screen-reader-text\"> &ldquo;Dovolen\u00e1 2017&rdquo;<\/span> &raquo;<\/a><\/p>","datePublished":"2023-06-14","dateModified":"2023-06-14","author":{"@type":"Person","@id":"https:\/\/www.omniacs.cz\/author\/devene\/#Person","name":"devene","url":"https:\/\/www.omniacs.cz\/author\/devene\/","identifier":1,"image":{"@type":"ImageObject","@id":"https:\/\/secure.gravatar.com\/avatar\/a6945111a6684c356ffa2edea93eeeab9450e38d2439d8ecd0a625f734db9218?s=96&d=mm&r=g","url":"https:\/\/secure.gravatar.com\/avatar\/a6945111a6684c356ffa2edea93eeeab9450e38d2439d8ecd0a625f734db9218?s=96&d=mm&r=g","height":96,"width":96}},"publisher":{"@type":"Organization","name":"omniacs.cz","logo":{"@type":"ImageObject","@id":"\/logo.png","url":"\/logo.png","width":600,"height":60}},"url":"https:\/\/www.omniacs.cz\/dovolena-2017\/","wordCount":612,"articleBody":" Pokud V\u00e1m v tuto chv\u00edli p\u0159ijde brzy, zab\u00fdvat se letn\u00ed dovolenou na rok 2017, mohu V\u00e1s ujistit, \u017ee to opravdu brzy nen\u00ed. V\u011bt\u0161ina cestovn\u00edch kancel\u00e1\u0159\u00ed a cestovn\u00edch agentur ji\u017e v tuto chv\u00edli startuje p\u0159edprodej z\u00e1jezd\u016f pr\u00e1v\u011b na p\u0159\u00ed\u0161t\u00ed l\u00e9to. M\u00e1te pocit, \u017ee teprve p\u0159ed p\u00e1r dny l\u00e9to skon\u010dilo? To my tak\u00e9, ale jen si p\u0159edstavte, jak\u00e9 to je s V\u00e1noci. Jedny skon\u010d\u00ed a ne\u017e se oto\u010d\u00edte, kupujete zase d\u00e1rky pro sv\u00e9 milovan\u00e9 d\u011bti a zn\u00e1m\u00e9.&#13; Spr\u00e1vn\u00fd v\u00fdb\u011br&#13; Ne\u017e se vrhnete na v\u00fdb\u011br dovolen\u00e9, je dobr\u00e9 si uv\u011bdomit, zda chcete jet na dovolenou sami, s rodinou \u010di p\u0159\u00e1teli. Jinou dovolenou jednozna\u010dn\u011b budete vyb\u00edrat, pokud pojedete s d\u011btmi a jinou dovolenou vyberete, pokud pojedete v p\u00e1ru nebo s p\u0159\u00e1teli. Pokud jedete v p\u00e1ru nebo s p\u0159\u00e1teli, nen\u00ed pro V\u00e1s mo\u017en\u00e1 tak d\u016fle\u017eit\u00e9 to, co pro rodiny pr\u00e1v\u011b s d\u011btmi. Pokud toti\u017e jedete s d\u011btmi, jist\u011b v\u00fdb\u011br dovolen\u00e9 nenech\u00e1v\u00e1te na posledn\u00ed chv\u00edli, proto\u017ee chcete m\u00edt stanoven\u00fd term\u00edn a rozhodn\u011b chcete m\u00edt jasno i ve v\u0161ech slu\u017eb\u00e1ch, kter\u00e9 V\u00e1m cestovn\u00ed kancel\u00e1\u0159 poskytne.&#13; &#13; V\u00fdhody v\u010dasn\u00e9 rezervace dovolen\u00e9 s d\u00edt\u011btem&#13; Nejv\u011bt\u0161\u00ed v\u00fdhodou toho, \u017ee si dovolenou rezervujete, je to, \u017ee m\u00e1te opravdu destinaci, kterou si p\u0159ejete, v\u00edte, \u017ee d\u00edt\u011b m\u016f\u017ee jet pr\u00e1v\u011b do tohoto m\u00edsta, a \u017ee mu tam bude dob\u0159e. Krom\u011b toho je jasn\u00e9, \u017ee i ostatn\u00ed \u00fa\u010dastn\u00edci z\u00e1jezdu po\u010d\u00edtaj\u00ed s t\u00edm, \u017ee se jedn\u00e1 o z\u00e1jezd vhodn\u00fd pro d\u011bti, tedy nebudou nam\u00edtat nic, pokud Va\u0161e d\u00edtko bude zrovna neklidn\u00e9 \u010di uplakan\u00e9. Cestovn\u00ed kancel\u00e1\u0159e se p\u0159edh\u00e1n\u00ed ve v\u00fdhod\u00e1ch tak\u00e9 p\u0159i v\u010dasn\u00e9 rezervaci nab\u00edz\u00ed d\u00edt\u011b do osmn\u00e1cti let zdarma, zdarma zm\u011bnu destinace t\u0159eba je\u0161t\u011b t\u00fdden p\u0159ed odletem, n\u00edzk\u00e9 z\u00e1lohy na osobu a parkov\u00e1n\u00ed po dobu dovolen\u00e9 na leti\u0161ti zdarma. Tedy pokud pl\u00e1nujete dovolenou s Va\u0161\u00edm d\u00edt\u011btem, opravdu doporu\u010dujeme rezervaci v\u010dasnou.&#13; Dovolen\u00e1 s p\u0159\u00e1teli&#13; Dal\u0161\u00ed variantou dovolen\u00e9, kterou bych V\u00e1m doporu\u010dila rezervovat v\u010das, je varianta dovolen\u00e9, kterou chcete str\u00e1vit s p\u0159\u00e1teli. Pokud toti\u017e nejedete pouze dva, ale po\u010det \u00fa\u010dastn\u00edk\u016f se zvy\u0161uje, je mo\u017en\u00e9, \u017ee z\u00e1jezdy typu last minut ji\u017e budou obsazeny a opravdu naleznete jedno dv\u011b m\u00edsta, ale rozhodn\u011b nemus\u00edte nal\u00e9zt ji\u017e dovolenou pro \u0161est lid\u00ed. Nebo pro osm. Ono u\u017e pro \u010dty\u0159i to m\u016f\u017ee b\u00fdt pr\u00e1v\u011b n\u00e1ro\u010dn\u00e9.Tedy nev\u00e1hejte a pokud se chyst\u00e1te na dovolenou k mo\u0159i ve v\u011bt\u0161\u00ed tlup\u011b, ji\u017e pomalu za\u010d\u00ednejte vyb\u00edrat. Nejen, \u017ee se vyhnete komplikac\u00edm s nedostatky m\u00edst na V\u00e1mi vybran\u00e9m hotelu, ale tak\u00e9 z\u00edsk\u00e1te jist\u011b slevy a dal\u0161\u00ed v\u00fdhody p\u0159i v\u010dasn\u00e9 rezervaci z\u00e1jezdu.&#13; &#13; Dovolen\u00e1 v p\u00e1ru&#13; Nejsnaz\u0161\u00ed budete m\u00edt, pokud budete hledat dovolenou pro dva. Samoz\u0159ejm\u011b v\u017edy je n\u00e1ro\u010dn\u00e9 naj\u00edt spr\u00e1vnou variantu, ale pro dv\u011b osoby naleznete dovolenou t\u0159eba i t\u0159i dny p\u0159ed V\u00e1mi vybran\u00fdm term\u00ednem. Pokud jste v\u0161ak n\u00e1ro\u010dn\u00ed, v\u011b\u0159\u00edm, \u017ee byste jist\u011b tak\u00e9 uv\u00edtali v\u010dasnou rezervaci a klid v du\u0161i, \u017ee m\u00e1te to, co opravdu chcete.                                                                                                                                                                                                                                                                                                                                                                                                "},{"@context":"https:\/\/schema.org\/","@type":"BreadcrumbList","itemListElement":[{"@type":"ListItem","position":1,"name":"Dovolen\u00e1 2017","item":"https:\/\/www.omniacs.cz\/dovolena-2017\/#breadcrumbitem"}]}]