[{"@context":"https:\/\/schema.org\/","@type":"Blog","@id":"https:\/\/www.omniacs.cz#Blog","headline":"Omniacs","description":"\nLid\u00e9 maj\u00ed n\u011bkdy pen\u011bz dost, n\u011bkdy ale tak\u00e9 nikoliv. A zat\u00edmco ti prvn\u00ed maj\u00ed vystar\u00e1no, ti druz\u00ed proplouvaj\u00ed \u017eivotem o pozn\u00e1n\u00ed komplikovan\u011bji.","url":"https:\/\/www.omniacs.cz","hasPart":[{"@type":"Article","@id":"https:\/\/www.omniacs.cz\/hlavne-nesusit\/","headline":"Hlavn\u011b nesu\u0161it","url":"https:\/\/www.omniacs.cz\/hlavne-nesusit\/","datePublished":"2026-08-15","dateModified":"2023-06-14","mainEntityOfPage":"https:\/\/www.omniacs.cz\/hlavne-nesusit\/","author":{"@type":"Person","@id":"https:\/\/www.omniacs.cz\/author\/devene\/#Person","name":"devene","url":"https:\/\/www.omniacs.cz\/author\/devene\/","identifier":1,"image":{"@type":"ImageObject","@id":"https:\/\/secure.gravatar.com\/avatar\/a6945111a6684c356ffa2edea93eeeab9450e38d2439d8ecd0a625f734db9218?s=96&d=mm&r=g","url":"https:\/\/secure.gravatar.com\/avatar\/a6945111a6684c356ffa2edea93eeeab9450e38d2439d8ecd0a625f734db9218?s=96&d=mm&r=g","height":96,"width":96}},"publisher":{"@type":"Organization","name":"omniacs.cz","logo":{"@type":"ImageObject","@id":"\/logo.png","url":"\/logo.png","width":600,"height":60}},"image":{"@type":"ImageObject","@id":"https:\/\/www.omniacs.cz\/wp-content\/uploads\/art286258_3x2_20260820_222207_x2cFmd.jpg","url":"https:\/\/www.omniacs.cz\/wp-content\/uploads\/art286258_3x2_20260820_222207_x2cFmd.jpg","height":0,"width":0},"wordCount":528,"keywords":null},{"@type":"Article","@id":"https:\/\/www.omniacs.cz\/dovolena-2017\/","headline":"Dovolen\u00e1 2017","url":"https:\/\/www.omniacs.cz\/dovolena-2017\/","datePublished":"2026-06-14","dateModified":"2023-06-14","mainEntityOfPage":"https:\/\/www.omniacs.cz\/dovolena-2017\/","author":{"@type":"Person","@id":"https:\/\/www.omniacs.cz\/author\/devene\/#Person","name":"devene","url":"https:\/\/www.omniacs.cz\/author\/devene\/","identifier":1,"image":{"@type":"ImageObject","@id":"https:\/\/secure.gravatar.com\/avatar\/a6945111a6684c356ffa2edea93eeeab9450e38d2439d8ecd0a625f734db9218?s=96&d=mm&r=g","url":"https:\/\/secure.gravatar.com\/avatar\/a6945111a6684c356ffa2edea93eeeab9450e38d2439d8ecd0a625f734db9218?s=96&d=mm&r=g","height":96,"width":96}},"publisher":{"@type":"Organization","name":"omniacs.cz","logo":{"@type":"ImageObject","@id":"\/logo.png","url":"\/logo.png","width":600,"height":60}},"image":{"@type":"ImageObject","@id":"https:\/\/www.omniacs.cz\/wp-content\/uploads\/art279163_3x2_20260612_151113_gCiKuQ.jpg","url":"https:\/\/www.omniacs.cz\/wp-content\/uploads\/art279163_3x2_20260612_151113_gCiKuQ.jpg","height":0,"width":0},"wordCount":704,"keywords":null},{"@type":"Article","@id":"https:\/\/www.omniacs.cz\/objevte-kouzlo-podzimnich-dekoraci\/","headline":"Objevte kouzlo podzimn\u00edch dekorac\u00ed","url":"https:\/\/www.omniacs.cz\/objevte-kouzlo-podzimnich-dekoraci\/","datePublished":"2025-09-30","dateModified":"2025-09-30","mainEntityOfPage":"https:\/\/www.omniacs.cz\/objevte-kouzlo-podzimnich-dekoraci\/","author":{"@type":"Person","@id":"https:\/\/www.omniacs.cz\/author\/devene\/#Person","name":"devene","url":"https:\/\/www.omniacs.cz\/author\/devene\/","identifier":1,"image":{"@type":"ImageObject","@id":"https:\/\/secure.gravatar.com\/avatar\/a6945111a6684c356ffa2edea93eeeab9450e38d2439d8ecd0a625f734db9218?s=96&d=mm&r=g","url":"https:\/\/secure.gravatar.com\/avatar\/a6945111a6684c356ffa2edea93eeeab9450e38d2439d8ecd0a625f734db9218?s=96&d=mm&r=g","height":96,"width":96}},"publisher":{"@type":"Organization","name":"omniacs.cz","logo":{"@type":"ImageObject","@id":"\/logo.png","url":"\/logo.png","width":600,"height":60}},"image":{"@type":"ImageObject","@id":"https:\/\/www.omniacs.cz\/wp-content\/uploads\/art276908_3x2_20260515_092029_Y7wemO.jpg","url":"https:\/\/www.omniacs.cz\/wp-content\/uploads\/art276908_3x2_20260515_092029_Y7wemO.jpg","height":0,"width":0},"wordCount":577,"keywords":null},{"@type":"Article","@id":"https:\/\/www.omniacs.cz\/skvely-napad-na-darek-pod-stromecek\/","headline":"Skv\u011bl\u00fd n\u00e1pad na d\u00e1rek pod strome\u010dek!","url":"https:\/\/www.omniacs.cz\/skvely-napad-na-darek-pod-stromecek\/","datePublished":"2025-08-25","dateModified":"2025-08-25","mainEntityOfPage":"https:\/\/www.omniacs.cz\/skvely-napad-na-darek-pod-stromecek\/","author":{"@type":"Person","@id":"https:\/\/www.omniacs.cz\/author\/devene\/#Person","name":"devene","url":"https:\/\/www.omniacs.cz\/author\/devene\/","identifier":1,"image":{"@type":"ImageObject","@id":"https:\/\/secure.gravatar.com\/avatar\/a6945111a6684c356ffa2edea93eeeab9450e38d2439d8ecd0a625f734db9218?s=96&d=mm&r=g","url":"https:\/\/secure.gravatar.com\/avatar\/a6945111a6684c356ffa2edea93eeeab9450e38d2439d8ecd0a625f734db9218?s=96&d=mm&r=g","height":96,"width":96}},"publisher":{"@type":"Organization","name":"omniacs.cz","logo":{"@type":"ImageObject","@id":"\/logo.png","url":"\/logo.png","width":600,"height":60}},"image":null,"wordCount":300,"keywords":null},{"@type":"Article","@id":"https:\/\/www.omniacs.cz\/poznejte-ke-komu-patrite\/","headline":"Poznejte, ke komu pat\u0159\u00edte","url":"https:\/\/www.omniacs.cz\/poznejte-ke-komu-patrite\/","datePublished":"2025-08-18","dateModified":"2025-08-18","mainEntityOfPage":"https:\/\/www.omniacs.cz\/poznejte-ke-komu-patrite\/","author":{"@type":"Person","@id":"https:\/\/www.omniacs.cz\/author\/devene\/#Person","name":"devene","url":"https:\/\/www.omniacs.cz\/author\/devene\/","identifier":1,"image":{"@type":"ImageObject","@id":"https:\/\/secure.gravatar.com\/avatar\/a6945111a6684c356ffa2edea93eeeab9450e38d2439d8ecd0a625f734db9218?s=96&d=mm&r=g","url":"https:\/\/secure.gravatar.com\/avatar\/a6945111a6684c356ffa2edea93eeeab9450e38d2439d8ecd0a625f734db9218?s=96&d=mm&r=g","height":96,"width":96}},"publisher":{"@type":"Organization","name":"omniacs.cz","logo":{"@type":"ImageObject","@id":"\/logo.png","url":"\/logo.png","width":600,"height":60}},"image":null,"wordCount":202,"keywords":null},{"@type":"Article","@id":"https:\/\/www.omniacs.cz\/vznik-hry\/","headline":"Vznik hry","url":"https:\/\/www.omniacs.cz\/vznik-hry\/","datePublished":"2025-08-09","dateModified":"2025-08-09","mainEntityOfPage":"https:\/\/www.omniacs.cz\/vznik-hry\/","author":{"@type":"Person","@id":"https:\/\/www.omniacs.cz\/author\/devene\/#Person","name":"devene","url":"https:\/\/www.omniacs.cz\/author\/devene\/","identifier":1,"image":{"@type":"ImageObject","@id":"https:\/\/secure.gravatar.com\/avatar\/a6945111a6684c356ffa2edea93eeeab9450e38d2439d8ecd0a625f734db9218?s=96&d=mm&r=g","url":"https:\/\/secure.gravatar.com\/avatar\/a6945111a6684c356ffa2edea93eeeab9450e38d2439d8ecd0a625f734db9218?s=96&d=mm&r=g","height":96,"width":96}},"publisher":{"@type":"Organization","name":"omniacs.cz","logo":{"@type":"ImageObject","@id":"\/logo.png","url":"\/logo.png","width":600,"height":60}},"image":null,"wordCount":221,"keywords":null},{"@type":"Article","@id":"https:\/\/www.omniacs.cz\/udelejte-neco-pro-svoje-zdravi\/","headline":"Ud\u011blejte n\u011bco pro svoje zdrav\u00ed","url":"https:\/\/www.omniacs.cz\/udelejte-neco-pro-svoje-zdravi\/","datePublished":"2025-08-06","dateModified":"2025-08-06","mainEntityOfPage":"https:\/\/www.omniacs.cz\/udelejte-neco-pro-svoje-zdravi\/","author":{"@type":"Person","@id":"https:\/\/www.omniacs.cz\/author\/devene\/#Person","name":"devene","url":"https:\/\/www.omniacs.cz\/author\/devene\/","identifier":1,"image":{"@type":"ImageObject","@id":"https:\/\/secure.gravatar.com\/avatar\/a6945111a6684c356ffa2edea93eeeab9450e38d2439d8ecd0a625f734db9218?s=96&d=mm&r=g","url":"https:\/\/secure.gravatar.com\/avatar\/a6945111a6684c356ffa2edea93eeeab9450e38d2439d8ecd0a625f734db9218?s=96&d=mm&r=g","height":96,"width":96}},"publisher":{"@type":"Organization","name":"omniacs.cz","logo":{"@type":"ImageObject","@id":"\/logo.png","url":"\/logo.png","width":600,"height":60}},"image":null,"wordCount":247,"keywords":null},{"@type":"Article","@id":"https:\/\/www.omniacs.cz\/svatba-vaseho-ditete\/","headline":"Svatba va\u0161eho d\u00edt\u011bte","url":"https:\/\/www.omniacs.cz\/svatba-vaseho-ditete\/","datePublished":"2025-07-27","dateModified":"2025-07-27","mainEntityOfPage":"https:\/\/www.omniacs.cz\/svatba-vaseho-ditete\/","author":{"@type":"Person","@id":"https:\/\/www.omniacs.cz\/author\/devene\/#Person","name":"devene","url":"https:\/\/www.omniacs.cz\/author\/devene\/","identifier":1,"image":{"@type":"ImageObject","@id":"https:\/\/secure.gravatar.com\/avatar\/a6945111a6684c356ffa2edea93eeeab9450e38d2439d8ecd0a625f734db9218?s=96&d=mm&r=g","url":"https:\/\/secure.gravatar.com\/avatar\/a6945111a6684c356ffa2edea93eeeab9450e38d2439d8ecd0a625f734db9218?s=96&d=mm&r=g","height":96,"width":96}},"publisher":{"@type":"Organization","name":"omniacs.cz","logo":{"@type":"ImageObject","@id":"\/logo.png","url":"\/logo.png","width":600,"height":60}},"image":null,"wordCount":205,"keywords":null},{"@type":"Article","@id":"https:\/\/www.omniacs.cz\/vyuzijte-nasich-zkusenosti\/","headline":"Vyu\u017eijte na\u0161ich zku\u0161enost\u00ed","url":"https:\/\/www.omniacs.cz\/vyuzijte-nasich-zkusenosti\/","datePublished":"2025-07-22","dateModified":"2025-07-22","mainEntityOfPage":"https:\/\/www.omniacs.cz\/vyuzijte-nasich-zkusenosti\/","author":{"@type":"Person","@id":"https:\/\/www.omniacs.cz\/author\/devene\/#Person","name":"devene","url":"https:\/\/www.omniacs.cz\/author\/devene\/","identifier":1,"image":{"@type":"ImageObject","@id":"https:\/\/secure.gravatar.com\/avatar\/a6945111a6684c356ffa2edea93eeeab9450e38d2439d8ecd0a625f734db9218?s=96&d=mm&r=g","url":"https:\/\/secure.gravatar.com\/avatar\/a6945111a6684c356ffa2edea93eeeab9450e38d2439d8ecd0a625f734db9218?s=96&d=mm&r=g","height":96,"width":96}},"publisher":{"@type":"Organization","name":"omniacs.cz","logo":{"@type":"ImageObject","@id":"\/logo.png","url":"\/logo.png","width":600,"height":60}},"image":null,"wordCount":202,"keywords":null},{"@type":"Article","@id":"https:\/\/www.omniacs.cz\/cizi-mesto-domaci-prostredi\/","headline":"Ciz\u00ed m\u011bsto, dom\u00e1c\u00ed prost\u0159ed\u00ed","url":"https:\/\/www.omniacs.cz\/cizi-mesto-domaci-prostredi\/","datePublished":"2025-07-14","dateModified":"2025-07-14","mainEntityOfPage":"https:\/\/www.omniacs.cz\/cizi-mesto-domaci-prostredi\/","author":{"@type":"Person","@id":"https:\/\/www.omniacs.cz\/author\/devene\/#Person","name":"devene","url":"https:\/\/www.omniacs.cz\/author\/devene\/","identifier":1,"image":{"@type":"ImageObject","@id":"https:\/\/secure.gravatar.com\/avatar\/a6945111a6684c356ffa2edea93eeeab9450e38d2439d8ecd0a625f734db9218?s=96&d=mm&r=g","url":"https:\/\/secure.gravatar.com\/avatar\/a6945111a6684c356ffa2edea93eeeab9450e38d2439d8ecd0a625f734db9218?s=96&d=mm&r=g","height":96,"width":96}},"publisher":{"@type":"Organization","name":"omniacs.cz","logo":{"@type":"ImageObject","@id":"\/logo.png","url":"\/logo.png","width":600,"height":60}},"image":null,"wordCount":216,"keywords":null}]},{"@context":"https:\/\/schema.org","@type":"WebSite","@id":"https:\/\/www.omniacs.cz\/#website","name":"Omniacs","url":"https:\/\/www.omniacs.cz","potentialAction":{"@type":"SearchAction","target":"https:\/\/www.omniacs.cz\/?s={search_term_string}","query-input":"required name=search_term_string"}}]